{"id":35,"date":"2024-03-02T20:48:52","date_gmt":"2024-03-02T23:48:52","guid":{"rendered":"https:\/\/edmundomonte.com.br\/?p=35"},"modified":"2024-03-04T21:11:08","modified_gmt":"2024-03-05T00:11:08","slug":"o-morro-nao-desceu","status":"publish","type":"post","link":"https:\/\/edmundomonte.com.br\/index.php\/2024\/03\/02\/o-morro-nao-desceu\/","title":{"rendered":"O morro n\u00e3o desceu"},"content":{"rendered":"\n<figure class=\"wp-block-image\"><img loading=\"lazy\" decoding=\"async\" width=\"450\" height=\"300\" src=\"https:\/\/edmundomonte.com.br\/wp-content\/uploads\/2024\/03\/gilvan.jpg\" alt=\"\" class=\"wp-image-38\" srcset=\"https:\/\/edmundomonte.com.br\/wp-content\/uploads\/2024\/03\/gilvan.jpg 450w, https:\/\/edmundomonte.com.br\/wp-content\/uploads\/2024\/03\/gilvan-300x200.jpg 300w\" sizes=\"auto, (max-width: 450px) 100vw, 450px\" \/><figcaption class=\"wp-element-caption\">Foto: Rafael Melo<\/figcaption><\/figure>\n\n\n\n<p>O MORRO N\u00c3O DESCEU<\/p>\n\n\n\n<p>A Cruz est\u00e1 com o povo.<br>De um norte recifense e metropolitano, desaguando vivo ao redor do canal.<\/p>\n\n\n\n<p>Arrudeia!<\/p>\n\n\n\n<p>Aos montes, s\u00e3o milhares amontoados nas tr\u00eas cores.<\/p>\n\n\n\n<p>Coral! Carrego a Santa Cruz!<br>Do cora\u00e7\u00e3o, n\u00e3o morro!<\/p>\n\n\n\n<p>O morro vive!<br>Abarrotado, apaixonado, cora\u00e7\u00e3o Coral.<\/p>\n\n\n\n<p><strong><em>Por Edmundo Monte, em 02\/03\/2024<\/em><\/strong><\/p>\n","protected":false},"excerpt":{"rendered":"<p>O MORRO N\u00c3O DESCEU A Cruz est\u00e1 com o povo.De um norte recifense e metropolitano, desaguando vivo ao redor do canal. Arrudeia! Aos montes, s\u00e3o milhares amontoados nas tr\u00eas cores. Coral! Carrego a Santa Cruz!Do cora\u00e7\u00e3o, n\u00e3o morro! O morro vive!Abarrotado, apaixonado, cora\u00e7\u00e3o Coral. Por Edmundo Monte, em 02\/03\/2024<\/p>\n","protected":false},"author":1,"featured_media":0,"comment_status":"closed","ping_status":"open","sticky":false,"template":"","format":"standard","meta":{"neve_meta_sidebar":"","neve_meta_container":"","neve_meta_enable_content_width":"","neve_meta_content_width":0,"neve_meta_title_alignment":"","neve_meta_author_avatar":"","neve_post_elements_order":"","neve_meta_disable_header":"","neve_meta_disable_footer":"","neve_meta_disable_title":"","footnotes":""},"categories":[8,9,7,10],"tags":[12,13,11],"class_list":["post-35","post","type-post","status-publish","format-standard","hentry","category-edmundo-monte","category-futebol","category-santa-cruz","category-texto-autoral","tag-edmundo-monte","tag-futebol","tag-santa-cruz"],"yoast_head":"<!-- This site is optimized with the Yoast SEO plugin v27.4 - https:\/\/yoast.com\/product\/yoast-seo-wordpress\/ -->\n<title>O morro n\u00e3o desceu - Edmundo Monte - Blog \u00e9 do Mundo<\/title>\n<meta name=\"robots\" content=\"index, follow, max-snippet:-1, max-image-preview:large, max-video-preview:-1\" \/>\n<link rel=\"canonical\" href=\"https:\/\/edmundomonte.com.br\/index.php\/2024\/03\/02\/o-morro-nao-desceu\/\" \/>\n<meta property=\"og:locale\" content=\"pt_BR\" \/>\n<meta property=\"og:type\" content=\"article\" \/>\n<meta property=\"og:title\" content=\"O morro n\u00e3o desceu - Edmundo Monte - Blog \u00e9 do Mundo\" \/>\n<meta property=\"og:description\" content=\"O MORRO N\u00c3O DESCEU A Cruz est\u00e1 com o povo.De um norte recifense e metropolitano, desaguando vivo ao redor do canal. Arrudeia! Aos montes, s\u00e3o milhares amontoados nas tr\u00eas cores. Coral! Carrego a Santa Cruz!Do cora\u00e7\u00e3o, n\u00e3o morro! O morro vive!Abarrotado, apaixonado, cora\u00e7\u00e3o Coral. Por Edmundo Monte, em 02\/03\/2024\" \/>\n<meta property=\"og:url\" content=\"https:\/\/edmundomonte.com.br\/index.php\/2024\/03\/02\/o-morro-nao-desceu\/\" \/>\n<meta property=\"og:site_name\" content=\"Edmundo Monte - Blog \u00e9 do Mundo\" \/>\n<meta property=\"article:published_time\" content=\"2024-03-02T23:48:52+00:00\" \/>\n<meta property=\"article:modified_time\" content=\"2024-03-05T00:11:08+00:00\" \/>\n<meta property=\"og:image\" content=\"https:\/\/edmundomonte.com.br\/wp-content\/uploads\/2024\/03\/gilvan.jpg\" \/>\n<meta name=\"author\" content=\"Webmaster\" \/>\n<meta name=\"twitter:card\" content=\"summary_large_image\" \/>\n<meta name=\"twitter:label1\" content=\"Escrito por\" \/>\n\t<meta name=\"twitter:data1\" content=\"Webmaster\" \/>\n\t<meta name=\"twitter:label2\" content=\"Est. tempo de leitura\" \/>\n\t<meta name=\"twitter:data2\" content=\"1 minuto\" \/>\n<script type=\"application\/ld+json\" class=\"yoast-schema-graph\">{\"@context\":\"https:\\\/\\\/schema.org\",\"@graph\":[{\"@type\":\"Article\",\"@id\":\"https:\\\/\\\/edmundomonte.com.br\\\/index.php\\\/2024\\\/03\\\/02\\\/o-morro-nao-desceu\\\/#article\",\"isPartOf\":{\"@id\":\"https:\\\/\\\/edmundomonte.com.br\\\/index.php\\\/2024\\\/03\\\/02\\\/o-morro-nao-desceu\\\/\"},\"author\":{\"name\":\"Webmaster\",\"@id\":\"https:\\\/\\\/edmundomonte.com.br\\\/#\\\/schema\\\/person\\\/e70dff97e643731193839b4a9968f1f3\"},\"headline\":\"O morro n\u00e3o desceu\",\"datePublished\":\"2024-03-02T23:48:52+00:00\",\"dateModified\":\"2024-03-05T00:11:08+00:00\",\"mainEntityOfPage\":{\"@id\":\"https:\\\/\\\/edmundomonte.com.br\\\/index.php\\\/2024\\\/03\\\/02\\\/o-morro-nao-desceu\\\/\"},\"wordCount\":65,\"publisher\":{\"@id\":\"https:\\\/\\\/edmundomonte.com.br\\\/#organization\"},\"image\":{\"@id\":\"https:\\\/\\\/edmundomonte.com.br\\\/index.php\\\/2024\\\/03\\\/02\\\/o-morro-nao-desceu\\\/#primaryimage\"},\"thumbnailUrl\":\"https:\\\/\\\/edmundomonte.com.br\\\/wp-content\\\/uploads\\\/2024\\\/03\\\/gilvan.jpg\",\"keywords\":[\"edmundo monte\",\"futebol\",\"santa cruz\"],\"articleSection\":[\"EDMUNDO MONTE\",\"FUTEBOL\",\"SANTA CRUZ\",\"TEXTO AUTORAL\"],\"inLanguage\":\"pt-BR\"},{\"@type\":\"WebPage\",\"@id\":\"https:\\\/\\\/edmundomonte.com.br\\\/index.php\\\/2024\\\/03\\\/02\\\/o-morro-nao-desceu\\\/\",\"url\":\"https:\\\/\\\/edmundomonte.com.br\\\/index.php\\\/2024\\\/03\\\/02\\\/o-morro-nao-desceu\\\/\",\"name\":\"O morro n\u00e3o desceu - Edmundo Monte - Blog \u00e9 do Mundo\",\"isPartOf\":{\"@id\":\"https:\\\/\\\/edmundomonte.com.br\\\/#website\"},\"primaryImageOfPage\":{\"@id\":\"https:\\\/\\\/edmundomonte.com.br\\\/index.php\\\/2024\\\/03\\\/02\\\/o-morro-nao-desceu\\\/#primaryimage\"},\"image\":{\"@id\":\"https:\\\/\\\/edmundomonte.com.br\\\/index.php\\\/2024\\\/03\\\/02\\\/o-morro-nao-desceu\\\/#primaryimage\"},\"thumbnailUrl\":\"https:\\\/\\\/edmundomonte.com.br\\\/wp-content\\\/uploads\\\/2024\\\/03\\\/gilvan.jpg\",\"datePublished\":\"2024-03-02T23:48:52+00:00\",\"dateModified\":\"2024-03-05T00:11:08+00:00\",\"breadcrumb\":{\"@id\":\"https:\\\/\\\/edmundomonte.com.br\\\/index.php\\\/2024\\\/03\\\/02\\\/o-morro-nao-desceu\\\/#breadcrumb\"},\"inLanguage\":\"pt-BR\",\"potentialAction\":[{\"@type\":\"ReadAction\",\"target\":[\"https:\\\/\\\/edmundomonte.com.br\\\/index.php\\\/2024\\\/03\\\/02\\\/o-morro-nao-desceu\\\/\"]}]},{\"@type\":\"ImageObject\",\"inLanguage\":\"pt-BR\",\"@id\":\"https:\\\/\\\/edmundomonte.com.br\\\/index.php\\\/2024\\\/03\\\/02\\\/o-morro-nao-desceu\\\/#primaryimage\",\"url\":\"https:\\\/\\\/edmundomonte.com.br\\\/wp-content\\\/uploads\\\/2024\\\/03\\\/gilvan.jpg\",\"contentUrl\":\"https:\\\/\\\/edmundomonte.com.br\\\/wp-content\\\/uploads\\\/2024\\\/03\\\/gilvan.jpg\",\"width\":450,\"height\":300,\"caption\":\"Foto: Rafael Melo\"},{\"@type\":\"BreadcrumbList\",\"@id\":\"https:\\\/\\\/edmundomonte.com.br\\\/index.php\\\/2024\\\/03\\\/02\\\/o-morro-nao-desceu\\\/#breadcrumb\",\"itemListElement\":[{\"@type\":\"ListItem\",\"position\":1,\"name\":\"In\u00edcio\",\"item\":\"https:\\\/\\\/edmundomonte.com.br\\\/\"},{\"@type\":\"ListItem\",\"position\":2,\"name\":\"O morro n\u00e3o desceu\"}]},{\"@type\":\"WebSite\",\"@id\":\"https:\\\/\\\/edmundomonte.com.br\\\/#website\",\"url\":\"https:\\\/\\\/edmundomonte.com.br\\\/\",\"name\":\"Edmundo Monte - Blog \u00e9 do Mundo\",\"description\":\"Viagens textuais e informa\u00e7\u00f5es acad\u00eamicas\",\"publisher\":{\"@id\":\"https:\\\/\\\/edmundomonte.com.br\\\/#organization\"},\"potentialAction\":[{\"@type\":\"SearchAction\",\"target\":{\"@type\":\"EntryPoint\",\"urlTemplate\":\"https:\\\/\\\/edmundomonte.com.br\\\/?s={search_term_string}\"},\"query-input\":{\"@type\":\"PropertyValueSpecification\",\"valueRequired\":true,\"valueName\":\"search_term_string\"}}],\"inLanguage\":\"pt-BR\"},{\"@type\":\"Organization\",\"@id\":\"https:\\\/\\\/edmundomonte.com.br\\\/#organization\",\"name\":\"Edmundo Monte - Blog \u00e9 do Mundo\",\"url\":\"https:\\\/\\\/edmundomonte.com.br\\\/\",\"logo\":{\"@type\":\"ImageObject\",\"inLanguage\":\"pt-BR\",\"@id\":\"https:\\\/\\\/edmundomonte.com.br\\\/#\\\/schema\\\/logo\\\/image\\\/\",\"url\":\"https:\\\/\\\/edmundomonte.com.br\\\/wp-content\\\/uploads\\\/2022\\\/10\\\/logo-agency.png\",\"contentUrl\":\"https:\\\/\\\/edmundomonte.com.br\\\/wp-content\\\/uploads\\\/2022\\\/10\\\/logo-agency.png\",\"width\":200,\"height\":200,\"caption\":\"Edmundo Monte - Blog \u00e9 do Mundo\"},\"image\":{\"@id\":\"https:\\\/\\\/edmundomonte.com.br\\\/#\\\/schema\\\/logo\\\/image\\\/\"}},{\"@type\":\"Person\",\"@id\":\"https:\\\/\\\/edmundomonte.com.br\\\/#\\\/schema\\\/person\\\/e70dff97e643731193839b4a9968f1f3\",\"name\":\"Webmaster\",\"sameAs\":[\"https:\\\/\\\/edmundomonte.com.br\"],\"url\":\"https:\\\/\\\/edmundomonte.com.br\\\/index.php\\\/author\\\/edmundomonte\\\/\"}]}<\/script>\n<!-- \/ Yoast SEO plugin. -->","yoast_head_json":{"title":"O morro n\u00e3o desceu - Edmundo Monte - Blog \u00e9 do Mundo","robots":{"index":"index","follow":"follow","max-snippet":"max-snippet:-1","max-image-preview":"max-image-preview:large","max-video-preview":"max-video-preview:-1"},"canonical":"https:\/\/edmundomonte.com.br\/index.php\/2024\/03\/02\/o-morro-nao-desceu\/","og_locale":"pt_BR","og_type":"article","og_title":"O morro n\u00e3o desceu - Edmundo Monte - Blog \u00e9 do Mundo","og_description":"O MORRO N\u00c3O DESCEU A Cruz est\u00e1 com o povo.De um norte recifense e metropolitano, desaguando vivo ao redor do canal. Arrudeia! Aos montes, s\u00e3o milhares amontoados nas tr\u00eas cores. Coral! Carrego a Santa Cruz!Do cora\u00e7\u00e3o, n\u00e3o morro! O morro vive!Abarrotado, apaixonado, cora\u00e7\u00e3o Coral. Por Edmundo Monte, em 02\/03\/2024","og_url":"https:\/\/edmundomonte.com.br\/index.php\/2024\/03\/02\/o-morro-nao-desceu\/","og_site_name":"Edmundo Monte - Blog \u00e9 do Mundo","article_published_time":"2024-03-02T23:48:52+00:00","article_modified_time":"2024-03-05T00:11:08+00:00","og_image":[{"url":"https:\/\/edmundomonte.com.br\/wp-content\/uploads\/2024\/03\/gilvan.jpg","type":"","width":"","height":""}],"author":"Webmaster","twitter_card":"summary_large_image","twitter_misc":{"Escrito por":"Webmaster","Est. tempo de leitura":"1 minuto"},"schema":{"@context":"https:\/\/schema.org","@graph":[{"@type":"Article","@id":"https:\/\/edmundomonte.com.br\/index.php\/2024\/03\/02\/o-morro-nao-desceu\/#article","isPartOf":{"@id":"https:\/\/edmundomonte.com.br\/index.php\/2024\/03\/02\/o-morro-nao-desceu\/"},"author":{"name":"Webmaster","@id":"https:\/\/edmundomonte.com.br\/#\/schema\/person\/e70dff97e643731193839b4a9968f1f3"},"headline":"O morro n\u00e3o desceu","datePublished":"2024-03-02T23:48:52+00:00","dateModified":"2024-03-05T00:11:08+00:00","mainEntityOfPage":{"@id":"https:\/\/edmundomonte.com.br\/index.php\/2024\/03\/02\/o-morro-nao-desceu\/"},"wordCount":65,"publisher":{"@id":"https:\/\/edmundomonte.com.br\/#organization"},"image":{"@id":"https:\/\/edmundomonte.com.br\/index.php\/2024\/03\/02\/o-morro-nao-desceu\/#primaryimage"},"thumbnailUrl":"https:\/\/edmundomonte.com.br\/wp-content\/uploads\/2024\/03\/gilvan.jpg","keywords":["edmundo monte","futebol","santa cruz"],"articleSection":["EDMUNDO MONTE","FUTEBOL","SANTA CRUZ","TEXTO AUTORAL"],"inLanguage":"pt-BR"},{"@type":"WebPage","@id":"https:\/\/edmundomonte.com.br\/index.php\/2024\/03\/02\/o-morro-nao-desceu\/","url":"https:\/\/edmundomonte.com.br\/index.php\/2024\/03\/02\/o-morro-nao-desceu\/","name":"O morro n\u00e3o desceu - Edmundo Monte - Blog \u00e9 do Mundo","isPartOf":{"@id":"https:\/\/edmundomonte.com.br\/#website"},"primaryImageOfPage":{"@id":"https:\/\/edmundomonte.com.br\/index.php\/2024\/03\/02\/o-morro-nao-desceu\/#primaryimage"},"image":{"@id":"https:\/\/edmundomonte.com.br\/index.php\/2024\/03\/02\/o-morro-nao-desceu\/#primaryimage"},"thumbnailUrl":"https:\/\/edmundomonte.com.br\/wp-content\/uploads\/2024\/03\/gilvan.jpg","datePublished":"2024-03-02T23:48:52+00:00","dateModified":"2024-03-05T00:11:08+00:00","breadcrumb":{"@id":"https:\/\/edmundomonte.com.br\/index.php\/2024\/03\/02\/o-morro-nao-desceu\/#breadcrumb"},"inLanguage":"pt-BR","potentialAction":[{"@type":"ReadAction","target":["https:\/\/edmundomonte.com.br\/index.php\/2024\/03\/02\/o-morro-nao-desceu\/"]}]},{"@type":"ImageObject","inLanguage":"pt-BR","@id":"https:\/\/edmundomonte.com.br\/index.php\/2024\/03\/02\/o-morro-nao-desceu\/#primaryimage","url":"https:\/\/edmundomonte.com.br\/wp-content\/uploads\/2024\/03\/gilvan.jpg","contentUrl":"https:\/\/edmundomonte.com.br\/wp-content\/uploads\/2024\/03\/gilvan.jpg","width":450,"height":300,"caption":"Foto: Rafael Melo"},{"@type":"BreadcrumbList","@id":"https:\/\/edmundomonte.com.br\/index.php\/2024\/03\/02\/o-morro-nao-desceu\/#breadcrumb","itemListElement":[{"@type":"ListItem","position":1,"name":"In\u00edcio","item":"https:\/\/edmundomonte.com.br\/"},{"@type":"ListItem","position":2,"name":"O morro n\u00e3o desceu"}]},{"@type":"WebSite","@id":"https:\/\/edmundomonte.com.br\/#website","url":"https:\/\/edmundomonte.com.br\/","name":"Edmundo Monte - Blog \u00e9 do Mundo","description":"Viagens textuais e informa\u00e7\u00f5es acad\u00eamicas","publisher":{"@id":"https:\/\/edmundomonte.com.br\/#organization"},"potentialAction":[{"@type":"SearchAction","target":{"@type":"EntryPoint","urlTemplate":"https:\/\/edmundomonte.com.br\/?s={search_term_string}"},"query-input":{"@type":"PropertyValueSpecification","valueRequired":true,"valueName":"search_term_string"}}],"inLanguage":"pt-BR"},{"@type":"Organization","@id":"https:\/\/edmundomonte.com.br\/#organization","name":"Edmundo Monte - Blog \u00e9 do Mundo","url":"https:\/\/edmundomonte.com.br\/","logo":{"@type":"ImageObject","inLanguage":"pt-BR","@id":"https:\/\/edmundomonte.com.br\/#\/schema\/logo\/image\/","url":"https:\/\/edmundomonte.com.br\/wp-content\/uploads\/2022\/10\/logo-agency.png","contentUrl":"https:\/\/edmundomonte.com.br\/wp-content\/uploads\/2022\/10\/logo-agency.png","width":200,"height":200,"caption":"Edmundo Monte - Blog \u00e9 do Mundo"},"image":{"@id":"https:\/\/edmundomonte.com.br\/#\/schema\/logo\/image\/"}},{"@type":"Person","@id":"https:\/\/edmundomonte.com.br\/#\/schema\/person\/e70dff97e643731193839b4a9968f1f3","name":"Webmaster","sameAs":["https:\/\/edmundomonte.com.br"],"url":"https:\/\/edmundomonte.com.br\/index.php\/author\/edmundomonte\/"}]}},"_links":{"self":[{"href":"https:\/\/edmundomonte.com.br\/index.php\/wp-json\/wp\/v2\/posts\/35","targetHints":{"allow":["GET"]}}],"collection":[{"href":"https:\/\/edmundomonte.com.br\/index.php\/wp-json\/wp\/v2\/posts"}],"about":[{"href":"https:\/\/edmundomonte.com.br\/index.php\/wp-json\/wp\/v2\/types\/post"}],"author":[{"embeddable":true,"href":"https:\/\/edmundomonte.com.br\/index.php\/wp-json\/wp\/v2\/users\/1"}],"replies":[{"embeddable":true,"href":"https:\/\/edmundomonte.com.br\/index.php\/wp-json\/wp\/v2\/comments?post=35"}],"version-history":[{"count":3,"href":"https:\/\/edmundomonte.com.br\/index.php\/wp-json\/wp\/v2\/posts\/35\/revisions"}],"predecessor-version":[{"id":46,"href":"https:\/\/edmundomonte.com.br\/index.php\/wp-json\/wp\/v2\/posts\/35\/revisions\/46"}],"wp:attachment":[{"href":"https:\/\/edmundomonte.com.br\/index.php\/wp-json\/wp\/v2\/media?parent=35"}],"wp:term":[{"taxonomy":"category","embeddable":true,"href":"https:\/\/edmundomonte.com.br\/index.php\/wp-json\/wp\/v2\/categories?post=35"},{"taxonomy":"post_tag","embeddable":true,"href":"https:\/\/edmundomonte.com.br\/index.php\/wp-json\/wp\/v2\/tags?post=35"}],"curies":[{"name":"wp","href":"https:\/\/api.w.org\/{rel}","templated":true}]}}